{"id":15494,"date":"2022-06-10T08:00:00","date_gmt":"2022-06-10T07:00:00","guid":{"rendered":"https:\/\/palavras27.oeiras.pt\/?p=15494"},"modified":"2022-06-09T09:29:18","modified_gmt":"2022-06-09T08:29:18","slug":"portugal-tao-diferente-de-seu-ser-primeiro","status":"publish","type":"post","link":"https:\/\/palavras27.oeiras.pt\/?p=15494","title":{"rendered":"Portugal, T\u00e3o Diferente de seu Ser Primeiro"},"content":{"rendered":"\n<p>Os reinos e os imp\u00e9rios poderosos,<br>Que em grandeza no mundo mais cresceram,<br>Ou por valor de esfor\u00e7o floresceram,<br>Ou por var\u00f5es nas letras espantosos.<\/p>\n\n\n\n<p>Teve Gr\u00e9cia Tem\u00edstocles; famosos,<br>Os Cipi\u00f5es a Roma engrandeceram;<br>Doze Pares a Fran\u00e7a gl\u00f3ria deram;<br>Cides a Espanha, e Laras belicosos.<\/p>\n\n\n\n<p>Ao nosso Portugal, que agora vemos<br>T\u00e3o diferente de seu ser primeiro,<br>Os vossos deram honra e liberdade.<\/p>\n\n\n\n<p>E em v\u00f3s, gr\u00e3o sucessor e novo herdeiro<br>Do Bragan\u00e7\u00e3o estado, h\u00e1 mil extremos<br>Iguais ao sangue e mores que a idade.<\/p>\n\n\n\n<p>Lu\u00eds Vaz de Cam\u00f5es, in &#8220;Sonetos&#8221;<\/p>\n","protected":false},"excerpt":{"rendered":"<p>Os reinos e os imp\u00e9rios poderosos,<br \/>\nQue em grandeza no mundo mais cresceram,<br \/>\nOu por valor de esfor\u00e7o floresceram,<br \/>\nOu por var\u00f5es nas letras espantosos.<\/p>\n","protected":false},"author":2,"featured_media":0,"comment_status":"closed","ping_status":"open","sticky":false,"template":"","format":"standard","meta":{"_monsterinsights_skip_tracking":false,"_monsterinsights_sitenote_active":false,"_monsterinsights_sitenote_note":"","_monsterinsights_sitenote_category":0,"neve_meta_sidebar":"","neve_meta_container":"","neve_meta_enable_content_width":"","neve_meta_content_width":0,"neve_meta_title_alignment":"","neve_meta_author_avatar":"","neve_post_elements_order":"","neve_meta_disable_header":"","neve_meta_disable_footer":"","neve_meta_disable_title":"","footnotes":""},"categories":[5],"tags":[110,149],"class_list":["post-15494","post","type-post","status-publish","format-standard","hentry","category-poemas","tag-luis-de-camoes","tag-poema_do_dia"],"aioseo_notices":[],"_links":{"self":[{"href":"https:\/\/palavras27.oeiras.pt\/index.php?rest_route=\/wp\/v2\/posts\/15494","targetHints":{"allow":["GET"]}}],"collection":[{"href":"https:\/\/palavras27.oeiras.pt\/index.php?rest_route=\/wp\/v2\/posts"}],"about":[{"href":"https:\/\/palavras27.oeiras.pt\/index.php?rest_route=\/wp\/v2\/types\/post"}],"author":[{"embeddable":true,"href":"https:\/\/palavras27.oeiras.pt\/index.php?rest_route=\/wp\/v2\/users\/2"}],"replies":[{"embeddable":true,"href":"https:\/\/palavras27.oeiras.pt\/index.php?rest_route=%2Fwp%2Fv2%2Fcomments&post=15494"}],"version-history":[{"count":3,"href":"https:\/\/palavras27.oeiras.pt\/index.php?rest_route=\/wp\/v2\/posts\/15494\/revisions"}],"predecessor-version":[{"id":15513,"href":"https:\/\/palavras27.oeiras.pt\/index.php?rest_route=\/wp\/v2\/posts\/15494\/revisions\/15513"}],"wp:attachment":[{"href":"https:\/\/palavras27.oeiras.pt\/index.php?rest_route=%2Fwp%2Fv2%2Fmedia&parent=15494"}],"wp:term":[{"taxonomy":"category","embeddable":true,"href":"https:\/\/palavras27.oeiras.pt\/index.php?rest_route=%2Fwp%2Fv2%2Fcategories&post=15494"},{"taxonomy":"post_tag","embeddable":true,"href":"https:\/\/palavras27.oeiras.pt\/index.php?rest_route=%2Fwp%2Fv2%2Ftags&post=15494"}],"curies":[{"name":"wp","href":"https:\/\/api.w.org\/{rel}","templated":true}]}}