{"id":15858,"date":"2021-07-01T21:39:17","date_gmt":"2021-07-01T20:39:17","guid":{"rendered":"https:\/\/palavras27.oeiras.pt\/?p=15858"},"modified":"2021-07-01T21:45:47","modified_gmt":"2021-07-01T20:45:47","slug":"oneill-foi-um-poeta-fora-de-moda-por-maria-antonia-oliveira","status":"publish","type":"post","link":"https:\/\/palavras27.oeiras.pt\/?p=15858","title":{"rendered":"O&#8217;Neill foi um poeta fora de moda? por Maria Ant\u00f3nia Oliveira"},"content":{"rendered":"\n<p>Ciclo de Masterclasses \u00abOs Poemas Ouvem-se N\u00e3o Se Explicam\u00bb.<\/p>\n\n\n\n<p>Com Maria Ant\u00f3nia Oliveira.<\/p>\n\n\n\n<p>A modera\u00e7\u00e3o esteve entregue a Nicolau Santos.<br>A sess\u00e3o realizou-se no dia 1 de julho de 2021 no Audit\u00f3rio do Templo da Poesia.<\/p>\n\n\n\n<p>Pode (re)ver a sess\u00e3o na \u00edntegra seguindo esta liga\u00e7\u00e3o: <br><a href=\"https:\/\/www.facebook.com\/Oeiras27\/videos\/181586473934054\" target=\"_blank\" rel=\"noreferrer noopener\" title=\"https:\/\/www.facebook.com\/Oeiras27\/videos\/181586473934054\">https:\/\/www.facebook.com\/Oeiras27\/videos\/181586473934054<\/a><\/p>\n","protected":false},"excerpt":{"rendered":"<p>Ciclo de Masterclasses \u00abOs Poemas Ouvem-se N\u00e3o Se Explicam\u00bb. Com Maria Ant\u00f3nia Oliveira. A modera\u00e7\u00e3o esteve entregue a Nicolau Santos.A sess\u00e3o realizou-se no dia 1 de julho de 2021 no Audit\u00f3rio do Templo da Poesia. Pode (re)ver a sess\u00e3o na \u00edntegra seguindo esta liga\u00e7\u00e3o: https:\/\/www.facebook.com\/Oeiras27\/videos\/181586473934054<\/p>\n","protected":false},"author":2,"featured_media":0,"comment_status":"closed","ping_status":"open","sticky":false,"template":"","format":"standard","meta":{"_monsterinsights_skip_tracking":false,"_monsterinsights_sitenote_active":false,"_monsterinsights_sitenote_note":"","_monsterinsights_sitenote_category":0,"neve_meta_sidebar":"","neve_meta_container":"","neve_meta_enable_content_width":"","neve_meta_content_width":0,"neve_meta_title_alignment":"","neve_meta_author_avatar":"","neve_post_elements_order":"","neve_meta_disable_header":"","neve_meta_disable_footer":"","neve_meta_disable_title":"","footnotes":""},"categories":[126,125],"tags":[31,256],"class_list":["post-15858","post","type-post","status-publish","format-standard","hentry","category-masterclasses","category-palavras","tag-alexandre-oneill","tag-os-poemas-ouvem-se-nao-se-explicam"],"aioseo_notices":[],"_links":{"self":[{"href":"https:\/\/palavras27.oeiras.pt\/index.php?rest_route=\/wp\/v2\/posts\/15858","targetHints":{"allow":["GET"]}}],"collection":[{"href":"https:\/\/palavras27.oeiras.pt\/index.php?rest_route=\/wp\/v2\/posts"}],"about":[{"href":"https:\/\/palavras27.oeiras.pt\/index.php?rest_route=\/wp\/v2\/types\/post"}],"author":[{"embeddable":true,"href":"https:\/\/palavras27.oeiras.pt\/index.php?rest_route=\/wp\/v2\/users\/2"}],"replies":[{"embeddable":true,"href":"https:\/\/palavras27.oeiras.pt\/index.php?rest_route=%2Fwp%2Fv2%2Fcomments&post=15858"}],"version-history":[{"count":2,"href":"https:\/\/palavras27.oeiras.pt\/index.php?rest_route=\/wp\/v2\/posts\/15858\/revisions"}],"predecessor-version":[{"id":15860,"href":"https:\/\/palavras27.oeiras.pt\/index.php?rest_route=\/wp\/v2\/posts\/15858\/revisions\/15860"}],"wp:attachment":[{"href":"https:\/\/palavras27.oeiras.pt\/index.php?rest_route=%2Fwp%2Fv2%2Fmedia&parent=15858"}],"wp:term":[{"taxonomy":"category","embeddable":true,"href":"https:\/\/palavras27.oeiras.pt\/index.php?rest_route=%2Fwp%2Fv2%2Fcategories&post=15858"},{"taxonomy":"post_tag","embeddable":true,"href":"https:\/\/palavras27.oeiras.pt\/index.php?rest_route=%2Fwp%2Fv2%2Ftags&post=15858"}],"curies":[{"name":"wp","href":"https:\/\/api.w.org\/{rel}","templated":true}]}}