{"id":16120,"date":"2021-09-13T15:13:31","date_gmt":"2021-09-13T14:13:31","guid":{"rendered":"https:\/\/palavras27.oeiras.pt\/?p=16120"},"modified":"2021-09-13T15:19:53","modified_gmt":"2021-09-13T14:19:53","slug":"o-amor-e-o-tempo","status":"publish","type":"post","link":"https:\/\/palavras27.oeiras.pt\/?p=16120","title":{"rendered":"O Amor e o Tempo"},"content":{"rendered":"<p>Pela montanha alcantilada<br \/>Todos quatro em alegre companhia,<br \/>O Amor, o Tempo, a minha Amada<br \/>E eu sub\u00edamos um dia.<\/p>\n<p>Da minha Amada no gentil semblante<br \/>J\u00e1 se viam ind\u00edcios de cansa\u00e7o;<br \/>O Amor passava-nos adiante<br \/>E o Tempo acelerava o passo.<\/p>\n<p>\u2014 \u00abAmor! Amor! mais devagar!<br \/>N\u00e3o corras tanto assim, que t\u00e3o ligeira<br \/>N\u00e3o pode com certeza caminhar<br \/>A minha doce companheira!\u00bb<\/p>\n<p>S\u00fabito, o Amor e o Tempo, combinados,<br \/>Abrem as asas tr\u00e9mulas ao vento&#8230;<br \/>\u2014 \u00abPorque voais assim t\u00e3o apressados?<br \/>Onde vos dirigis?\u00bb \u2014 Nesse momento,<\/p>\n<p>Volta-se o Amor e diz com azedume:<br \/>\u2014 \u00abTende paci\u00eancia, amigos meus!<br \/>Eu sempre tive este costume<br \/>De fugir com o Tempo&#8230; Adeus! Adeus!<\/p>\n<p><em>in<\/em> &#8220;Sol de Inverno&#8221;<\/p>\n\n\n<p><\/p>\n","protected":false},"excerpt":{"rendered":"<p>Pela montanha alcantiladaTodos quatro em alegre companhia,O Amor, o Tempo, a minha AmadaE eu sub\u00edamos um dia. Da minha Amada no gentil semblanteJ\u00e1 se viam ind\u00edcios de cansa\u00e7o;O Amor passava-nos adianteE o Tempo acelerava o passo. \u2014 \u00abAmor! Amor! mais devagar!N\u00e3o corras tanto assim, que t\u00e3o ligeiraN\u00e3o pode com certeza caminharA minha doce companheira!\u00bb S\u00fabito,&hellip;&nbsp;<a href=\"https:\/\/palavras27.oeiras.pt\/?p=16120\" rel=\"bookmark\">Ler mais &raquo;<span class=\"screen-reader-text\">O Amor e o Tempo<\/span><\/a><\/p>\n","protected":false},"author":2,"featured_media":0,"comment_status":"closed","ping_status":"closed","sticky":false,"template":"","format":"standard","meta":{"_monsterinsights_skip_tracking":false,"_monsterinsights_sitenote_active":false,"_monsterinsights_sitenote_note":"","_monsterinsights_sitenote_category":0,"neve_meta_sidebar":"","neve_meta_container":"","neve_meta_enable_content_width":"","neve_meta_content_width":0,"neve_meta_title_alignment":"","neve_meta_author_avatar":"","neve_post_elements_order":"","neve_meta_disable_header":"","neve_meta_disable_footer":"","neve_meta_disable_title":"","footnotes":""},"categories":[5],"tags":[88,149],"class_list":["post-16120","post","type-post","status-publish","format-standard","hentry","category-poemas","tag-antonio-feijo","tag-poema_do_dia"],"aioseo_notices":[],"_links":{"self":[{"href":"https:\/\/palavras27.oeiras.pt\/index.php?rest_route=\/wp\/v2\/posts\/16120","targetHints":{"allow":["GET"]}}],"collection":[{"href":"https:\/\/palavras27.oeiras.pt\/index.php?rest_route=\/wp\/v2\/posts"}],"about":[{"href":"https:\/\/palavras27.oeiras.pt\/index.php?rest_route=\/wp\/v2\/types\/post"}],"author":[{"embeddable":true,"href":"https:\/\/palavras27.oeiras.pt\/index.php?rest_route=\/wp\/v2\/users\/2"}],"replies":[{"embeddable":true,"href":"https:\/\/palavras27.oeiras.pt\/index.php?rest_route=%2Fwp%2Fv2%2Fcomments&post=16120"}],"version-history":[{"count":2,"href":"https:\/\/palavras27.oeiras.pt\/index.php?rest_route=\/wp\/v2\/posts\/16120\/revisions"}],"predecessor-version":[{"id":16122,"href":"https:\/\/palavras27.oeiras.pt\/index.php?rest_route=\/wp\/v2\/posts\/16120\/revisions\/16122"}],"wp:attachment":[{"href":"https:\/\/palavras27.oeiras.pt\/index.php?rest_route=%2Fwp%2Fv2%2Fmedia&parent=16120"}],"wp:term":[{"taxonomy":"category","embeddable":true,"href":"https:\/\/palavras27.oeiras.pt\/index.php?rest_route=%2Fwp%2Fv2%2Fcategories&post=16120"},{"taxonomy":"post_tag","embeddable":true,"href":"https:\/\/palavras27.oeiras.pt\/index.php?rest_route=%2Fwp%2Fv2%2Ftags&post=16120"}],"curies":[{"name":"wp","href":"https:\/\/api.w.org\/{rel}","templated":true}]}}