{"id":16557,"date":"2022-01-27T09:00:50","date_gmt":"2022-01-27T09:00:50","guid":{"rendered":"https:\/\/palavras27.oeiras.pt\/?p=16557"},"modified":"2022-01-26T16:32:21","modified_gmt":"2022-01-26T16:32:21","slug":"usos-deste-mundo","status":"publish","type":"post","link":"https:\/\/palavras27.oeiras.pt\/?p=16557","title":{"rendered":"Usos Deste Mundo"},"content":{"rendered":"<p>Nas pra\u00e7as uns perguntam novidades;<br \/>\nOutros d\u00e3o volta \u00e0s ruas, ao namoro;<br \/>\nEste usuras cobrar, esse as demandas<br \/>\nLembrar corre ao Juiz que se diverte.<br \/>\nIr de Jano aprender a ser bifronte,<br \/>\nDe Merc\u00fario, no trato, a ser bilingue,<br \/>\nFranco no prometer, no dar escasso.<br \/>\nC&#8217;os olhos fitos no \u00e1vido interesse<br \/>\nSer consigo leal, com todos falso<br \/>\n\u00c9 ser homem capaz, home&#8217; entendido.<br \/>\nAssim, que vemos n\u00f3s por este esconso<br \/>\nMundo? Vemos logr\u00f5es, vemos logrados;<br \/>\nNingu\u00e9m v\u00eas ir com c\u00e2ndido desejo<br \/>\nAos S\u00e9necas, aos S\u00f3crates de agora<br \/>\nPerguntar as li\u00e7\u00f5es t\u00e3o necess\u00e1rias<br \/>\nDe ser honrado, ser com todos justo.<br \/>\nT\u00e3o sobejos se cr\u00eaem de honra e virtude,<br \/>\nQue cuida cada um poder de sobra<br \/>\nMostrar na Ocasi\u00e3o virtude a rodo,<br \/>\nE chega a Ocasi\u00e3o, falha a virtude.<\/p>\n<p><em>Filinto El\u00edsio, em &#8220;Miscel\u00e2nia&#8221;<\/em><\/p>\n","protected":false},"excerpt":{"rendered":"<p>Nas pra\u00e7as uns perguntam novidades;<\/p>\n<p>Outros d\u00e3o volta \u00e0s ruas, ao namoro;<\/p>\n<p>Este usuras cobrar, esse as demandas<\/p>\n<p>Lembrar corre ao Juiz que se diverte.<\/p>\n","protected":false},"author":2,"featured_media":0,"comment_status":"closed","ping_status":"closed","sticky":false,"template":"","format":"standard","meta":{"_monsterinsights_skip_tracking":false,"_monsterinsights_sitenote_active":false,"_monsterinsights_sitenote_note":"","_monsterinsights_sitenote_category":0,"neve_meta_sidebar":"","neve_meta_container":"","neve_meta_enable_content_width":"","neve_meta_content_width":0,"neve_meta_title_alignment":"","neve_meta_author_avatar":"","neve_post_elements_order":"","neve_meta_disable_header":"","neve_meta_disable_footer":"","neve_meta_disable_title":"","footnotes":""},"categories":[5],"tags":[68,149],"class_list":["post-16557","post","type-post","status-publish","format-standard","hentry","category-poemas","tag-filinto-elisio","tag-poema_do_dia"],"aioseo_notices":[],"_links":{"self":[{"href":"https:\/\/palavras27.oeiras.pt\/index.php?rest_route=\/wp\/v2\/posts\/16557","targetHints":{"allow":["GET"]}}],"collection":[{"href":"https:\/\/palavras27.oeiras.pt\/index.php?rest_route=\/wp\/v2\/posts"}],"about":[{"href":"https:\/\/palavras27.oeiras.pt\/index.php?rest_route=\/wp\/v2\/types\/post"}],"author":[{"embeddable":true,"href":"https:\/\/palavras27.oeiras.pt\/index.php?rest_route=\/wp\/v2\/users\/2"}],"replies":[{"embeddable":true,"href":"https:\/\/palavras27.oeiras.pt\/index.php?rest_route=%2Fwp%2Fv2%2Fcomments&post=16557"}],"version-history":[{"count":2,"href":"https:\/\/palavras27.oeiras.pt\/index.php?rest_route=\/wp\/v2\/posts\/16557\/revisions"}],"predecessor-version":[{"id":16559,"href":"https:\/\/palavras27.oeiras.pt\/index.php?rest_route=\/wp\/v2\/posts\/16557\/revisions\/16559"}],"wp:attachment":[{"href":"https:\/\/palavras27.oeiras.pt\/index.php?rest_route=%2Fwp%2Fv2%2Fmedia&parent=16557"}],"wp:term":[{"taxonomy":"category","embeddable":true,"href":"https:\/\/palavras27.oeiras.pt\/index.php?rest_route=%2Fwp%2Fv2%2Fcategories&post=16557"},{"taxonomy":"post_tag","embeddable":true,"href":"https:\/\/palavras27.oeiras.pt\/index.php?rest_route=%2Fwp%2Fv2%2Ftags&post=16557"}],"curies":[{"name":"wp","href":"https:\/\/api.w.org\/{rel}","templated":true}]}}