{"id":1656,"date":"2021-11-27T00:46:00","date_gmt":"2021-11-27T00:46:00","guid":{"rendered":"https:\/\/palavras27.oeiras.pt\/?p=1656"},"modified":"2021-11-26T16:30:07","modified_gmt":"2021-11-26T16:30:07","slug":"barca-bela","status":"publish","type":"post","link":"https:\/\/palavras27.oeiras.pt\/?p=1656","title":{"rendered":"Barca bela"},"content":{"rendered":"<p>Pescador da barca bela,&nbsp;<br>Onde vais pescar com ela,&nbsp;<br>Que \u00e9 t\u00e3o bela,&nbsp;<br>Oh pescador?&nbsp;<\/p>\n<p>N\u00e3o v\u00eas que a \u00faltima estrela&nbsp;<br>No c\u00e9u nublado se vela?&nbsp;<br>Colhe a vela,&nbsp;<br>Oh pescador!&nbsp;<\/p>\n<p>Deita o lan\u00e7o com cautela,&nbsp;<br>Que a sereia canta bela&#8230;&nbsp;<br>Mas cautela,&nbsp;<br>Oh pescador!&nbsp;<\/p>\n<p>N\u00e3o se enrede a rede nela,&nbsp;<br>Que perdido \u00e9 remo e vela&nbsp;<br>S\u00f3 de v\u00ea-la,&nbsp;<br>Oh pescador.&nbsp;<\/p>\n<p>Pescador da barca bela,&nbsp;<br>Inda \u00e9 tempo, foge dela,&nbsp;<br>Foge dela&nbsp;<br>Oh pescador!&nbsp;<\/p>\n\n\n<p><\/p>\n","protected":false},"excerpt":{"rendered":"<p>Pescador da barca bela,&nbsp;Onde vais pescar com ela,&nbsp;Que \u00e9 t\u00e3o bela,&nbsp;Oh pescador?&nbsp; N\u00e3o v\u00eas que a \u00faltima estrela&nbsp;No c\u00e9u nublado se vela?&nbsp;Colhe a vela,&nbsp;Oh pescador!&nbsp; Deita o lan\u00e7o com cautela,&nbsp;Que a sereia canta bela&#8230;&nbsp;Mas cautela,&nbsp;Oh pescador!&nbsp; N\u00e3o se enrede a rede nela,&nbsp;Que perdido \u00e9 remo e vela&nbsp;S\u00f3 de v\u00ea-la,&nbsp;Oh pescador.&nbsp; Pescador da barca bela,&nbsp;Inda \u00e9&hellip;&nbsp;<a href=\"https:\/\/palavras27.oeiras.pt\/?p=1656\" rel=\"bookmark\">Ler mais &raquo;<span class=\"screen-reader-text\">Barca bela<\/span><\/a><\/p>\n","protected":false},"author":4,"featured_media":0,"comment_status":"open","ping_status":"open","sticky":false,"template":"","format":"standard","meta":{"_monsterinsights_skip_tracking":false,"_monsterinsights_sitenote_active":false,"_monsterinsights_sitenote_note":"","_monsterinsights_sitenote_category":0,"neve_meta_sidebar":"","neve_meta_container":"","neve_meta_enable_content_width":"","neve_meta_content_width":0,"neve_meta_title_alignment":"","neve_meta_author_avatar":"","neve_post_elements_order":"","neve_meta_disable_header":"","neve_meta_disable_footer":"","neve_meta_disable_title":"","footnotes":""},"categories":[5],"tags":[75,149],"class_list":["post-1656","post","type-post","status-publish","format-standard","hentry","category-poemas","tag-almeida-garrett","tag-poema_do_dia"],"aioseo_notices":[],"_links":{"self":[{"href":"https:\/\/palavras27.oeiras.pt\/index.php?rest_route=\/wp\/v2\/posts\/1656","targetHints":{"allow":["GET"]}}],"collection":[{"href":"https:\/\/palavras27.oeiras.pt\/index.php?rest_route=\/wp\/v2\/posts"}],"about":[{"href":"https:\/\/palavras27.oeiras.pt\/index.php?rest_route=\/wp\/v2\/types\/post"}],"author":[{"embeddable":true,"href":"https:\/\/palavras27.oeiras.pt\/index.php?rest_route=\/wp\/v2\/users\/4"}],"replies":[{"embeddable":true,"href":"https:\/\/palavras27.oeiras.pt\/index.php?rest_route=%2Fwp%2Fv2%2Fcomments&post=1656"}],"version-history":[{"count":3,"href":"https:\/\/palavras27.oeiras.pt\/index.php?rest_route=\/wp\/v2\/posts\/1656\/revisions"}],"predecessor-version":[{"id":16443,"href":"https:\/\/palavras27.oeiras.pt\/index.php?rest_route=\/wp\/v2\/posts\/1656\/revisions\/16443"}],"wp:attachment":[{"href":"https:\/\/palavras27.oeiras.pt\/index.php?rest_route=%2Fwp%2Fv2%2Fmedia&parent=1656"}],"wp:term":[{"taxonomy":"category","embeddable":true,"href":"https:\/\/palavras27.oeiras.pt\/index.php?rest_route=%2Fwp%2Fv2%2Fcategories&post=1656"},{"taxonomy":"post_tag","embeddable":true,"href":"https:\/\/palavras27.oeiras.pt\/index.php?rest_route=%2Fwp%2Fv2%2Ftags&post=1656"}],"curies":[{"name":"wp","href":"https:\/\/api.w.org\/{rel}","templated":true}]}}