{"id":16904,"date":"2022-02-23T09:36:20","date_gmt":"2022-02-23T09:36:20","guid":{"rendered":"https:\/\/palavras27.oeiras.pt\/?p=16904"},"modified":"2022-03-02T17:47:52","modified_gmt":"2022-03-02T17:47:52","slug":"verdes-sao-os-campos","status":"publish","type":"post","link":"https:\/\/palavras27.oeiras.pt\/?p=16904","title":{"rendered":"Verdes s\u00e3o os campos"},"content":{"rendered":"\n<div class=\"wp-block-columns is-layout-flex wp-container-core-columns-is-layout-9d6595d7 wp-block-columns-is-layout-flex\">\n<div class=\"wp-block-column is-layout-flow wp-block-column-is-layout-flow\" style=\"flex-basis:70%\">\n<iframe width=\"960\" height=\"600\" src=\"https:\/\/www.youtube.com\/embed\/QLSvpWmqn6c\" title=\"YouTube video player\" frameborder=\"0\" allow=\"accelerometer; autoplay; clipboard-write; encrypted-media; gyroscope; picture-in-picture\" allowfullscreen=\"\"><\/iframe>\n<\/div>\n\n\n\n<div class=\"wp-block-column is-layout-flow wp-block-column-is-layout-flow\" style=\"flex-basis:39%\">\n<p>Verdes s\u00e3o os campos,<br>De cor de lim\u00e3o:<br>Assim s\u00e3o os olhos<br>Do meu cora\u00e7\u00e3o.<\/p>\n\n\n\n<p>Campo, que te estendes<br>Com verdura bela;<br>Ovelhas, que nela<br>Vosso pasto tendes,<br>De ervas vos mantendes<br>Que traz o Ver\u00e3o,<br>E eu das lembran\u00e7as<br>Do meu cora\u00e7\u00e3o.<\/p>\n\n\n\n<p>Gados que pasceis<br>Com contentamento,<br>Vosso mantimento<br>N\u00e3o no entendereis;<br>Isso que comeis<br>N\u00e3o s\u00e3o ervas, n\u00e3o:<br>S\u00e3o gra\u00e7as dos olhos<br>Do meu cora\u00e7\u00e3o.<\/p>\n\n\n\n<p>Lu\u00eds de Cam\u00f5es<\/p>\n<\/div>\n<\/div>\n\n\n\n<p><\/p>\n","protected":false},"excerpt":{"rendered":"<p>Verdes s\u00e3o os campos,<br \/>\nDe cor de lim\u00e3o:<br \/>\nAssim s\u00e3o os olhos<br \/>\nDo meu cora\u00e7\u00e3o.<\/p>\n","protected":false},"author":2,"featured_media":0,"comment_status":"closed","ping_status":"open","sticky":false,"template":"","format":"standard","meta":{"_monsterinsights_skip_tracking":false,"_monsterinsights_sitenote_active":false,"_monsterinsights_sitenote_note":"","_monsterinsights_sitenote_category":0,"neve_meta_sidebar":"","neve_meta_container":"","neve_meta_enable_content_width":"","neve_meta_content_width":0,"neve_meta_title_alignment":"","neve_meta_author_avatar":"","neve_post_elements_order":"","neve_meta_disable_header":"","neve_meta_disable_footer":"","neve_meta_disable_title":"","footnotes":""},"categories":[5],"tags":[110,152],"class_list":["post-16904","post","type-post","status-publish","format-standard","hentry","category-poemas","tag-luis-de-camoes","tag-poema_da_semana"],"aioseo_notices":[],"_links":{"self":[{"href":"https:\/\/palavras27.oeiras.pt\/index.php?rest_route=\/wp\/v2\/posts\/16904","targetHints":{"allow":["GET"]}}],"collection":[{"href":"https:\/\/palavras27.oeiras.pt\/index.php?rest_route=\/wp\/v2\/posts"}],"about":[{"href":"https:\/\/palavras27.oeiras.pt\/index.php?rest_route=\/wp\/v2\/types\/post"}],"author":[{"embeddable":true,"href":"https:\/\/palavras27.oeiras.pt\/index.php?rest_route=\/wp\/v2\/users\/2"}],"replies":[{"embeddable":true,"href":"https:\/\/palavras27.oeiras.pt\/index.php?rest_route=%2Fwp%2Fv2%2Fcomments&post=16904"}],"version-history":[{"count":3,"href":"https:\/\/palavras27.oeiras.pt\/index.php?rest_route=\/wp\/v2\/posts\/16904\/revisions"}],"predecessor-version":[{"id":16926,"href":"https:\/\/palavras27.oeiras.pt\/index.php?rest_route=\/wp\/v2\/posts\/16904\/revisions\/16926"}],"wp:attachment":[{"href":"https:\/\/palavras27.oeiras.pt\/index.php?rest_route=%2Fwp%2Fv2%2Fmedia&parent=16904"}],"wp:term":[{"taxonomy":"category","embeddable":true,"href":"https:\/\/palavras27.oeiras.pt\/index.php?rest_route=%2Fwp%2Fv2%2Fcategories&post=16904"},{"taxonomy":"post_tag","embeddable":true,"href":"https:\/\/palavras27.oeiras.pt\/index.php?rest_route=%2Fwp%2Fv2%2Ftags&post=16904"}],"curies":[{"name":"wp","href":"https:\/\/api.w.org\/{rel}","templated":true}]}}