{"id":17049,"date":"2022-03-31T12:15:01","date_gmt":"2022-03-31T11:15:01","guid":{"rendered":"https:\/\/palavras27.oeiras.pt\/?p=17049"},"modified":"2022-03-31T12:17:02","modified_gmt":"2022-03-31T11:17:02","slug":"cesario-verde-era-azul-por-paulo-campos-dos-reis","status":"publish","type":"post","link":"https:\/\/palavras27.oeiras.pt\/?p=17049","title":{"rendered":"Ces\u00e1rio Verde era azul? por Paulo Campos dos Reis"},"content":{"rendered":"\n<p>Ciclo de Masterclasses \u00abO Sentimento dum Ocidental\u00bb.<\/p>\n\n\n\n<p>Com Paulo Campos dos Reis.<\/p>\n\n\n\n<p>A modera\u00e7\u00e3o esteve entregue a Nicolau Santos.<br>A sess\u00e3o realizou-se no dia 30 de mar\u00e7o de 2022 no Audit\u00f3rio do Templo da Poesia.<\/p>\n\n\n\n<p>Pode (re)ver a sess\u00e3o na \u00edntegra seguindo esta liga\u00e7\u00e3o: <br><a href=\"https:\/\/www.facebook.com\/Oeiras27\/videos\/1073594283215058\" target=\"_blank\" rel=\"noreferrer noopener\">https:\/\/www.facebook.com\/Oeiras27\/videos\/1160698411139325<\/a><\/p>\n","protected":false},"excerpt":{"rendered":"<p>Ciclo de Masterclasses \u00abO Sentimento dum Ocidental\u00bb. Com Paulo Campos dos Reis. A modera\u00e7\u00e3o esteve entregue a Nicolau Santos.A sess\u00e3o realizou-se no dia 30 de mar\u00e7o de 2022 no Audit\u00f3rio do Templo da Poesia. Pode (re)ver a sess\u00e3o na \u00edntegra seguindo esta liga\u00e7\u00e3o: https:\/\/www.facebook.com\/Oeiras27\/videos\/1160698411139325<\/p>\n","protected":false},"author":2,"featured_media":0,"comment_status":"closed","ping_status":"closed","sticky":false,"template":"","format":"standard","meta":{"_monsterinsights_skip_tracking":false,"_monsterinsights_sitenote_active":false,"_monsterinsights_sitenote_note":"","_monsterinsights_sitenote_category":0,"neve_meta_sidebar":"","neve_meta_container":"","neve_meta_enable_content_width":"","neve_meta_content_width":0,"neve_meta_title_alignment":"","neve_meta_author_avatar":"","neve_post_elements_order":"","neve_meta_disable_header":"","neve_meta_disable_footer":"","neve_meta_disable_title":"","footnotes":""},"categories":[126,125],"tags":[98,320],"class_list":["post-17049","post","type-post","status-publish","format-standard","hentry","category-masterclasses","category-palavras","tag-cesario-verde","tag-o-sentimento-dum-ocidental"],"aioseo_notices":[],"_links":{"self":[{"href":"https:\/\/palavras27.oeiras.pt\/index.php?rest_route=\/wp\/v2\/posts\/17049","targetHints":{"allow":["GET"]}}],"collection":[{"href":"https:\/\/palavras27.oeiras.pt\/index.php?rest_route=\/wp\/v2\/posts"}],"about":[{"href":"https:\/\/palavras27.oeiras.pt\/index.php?rest_route=\/wp\/v2\/types\/post"}],"author":[{"embeddable":true,"href":"https:\/\/palavras27.oeiras.pt\/index.php?rest_route=\/wp\/v2\/users\/2"}],"replies":[{"embeddable":true,"href":"https:\/\/palavras27.oeiras.pt\/index.php?rest_route=%2Fwp%2Fv2%2Fcomments&post=17049"}],"version-history":[{"count":2,"href":"https:\/\/palavras27.oeiras.pt\/index.php?rest_route=\/wp\/v2\/posts\/17049\/revisions"}],"predecessor-version":[{"id":17051,"href":"https:\/\/palavras27.oeiras.pt\/index.php?rest_route=\/wp\/v2\/posts\/17049\/revisions\/17051"}],"wp:attachment":[{"href":"https:\/\/palavras27.oeiras.pt\/index.php?rest_route=%2Fwp%2Fv2%2Fmedia&parent=17049"}],"wp:term":[{"taxonomy":"category","embeddable":true,"href":"https:\/\/palavras27.oeiras.pt\/index.php?rest_route=%2Fwp%2Fv2%2Fcategories&post=17049"},{"taxonomy":"post_tag","embeddable":true,"href":"https:\/\/palavras27.oeiras.pt\/index.php?rest_route=%2Fwp%2Fv2%2Ftags&post=17049"}],"curies":[{"name":"wp","href":"https:\/\/api.w.org\/{rel}","templated":true}]}}