{"id":6878,"date":"2021-03-10T20:54:46","date_gmt":"2021-03-10T20:54:46","guid":{"rendered":"https:\/\/palavras27.oeiras.pt\/?p=6878"},"modified":"2021-03-14T20:49:39","modified_gmt":"2021-03-14T20:49:39","slug":"grandes-livros-mau-tempo-no-canal","status":"publish","type":"post","link":"https:\/\/palavras27.oeiras.pt\/?p=6878","title":{"rendered":"Grandes Livros: Mau tempo no canal"},"content":{"rendered":"\n<div style=\"padding:75% 0 0 0;position:relative;\"><iframe src=\"https:\/\/player.vimeo.com\/video\/12397647?color=47A147&#038;portrait=0\" style=\"position:absolute;top:0;left:0;width:100%;height:100%;\" frameborder=\"0\" allow=\"autoplay; fullscreen; picture-in-picture\" allowfullscreen><\/iframe><\/div><script src=\"https:\/\/player.vimeo.com\/api\/player.js\"><\/script>\n\n\n\n<p><\/p>\n\n\n\n<p>Mau Tempo no Canal foi publicado em 1944. Vitorino Nem\u00e9sio come\u00e7ou a escrev\u00ea-lo em 1939 durante a II Guerra Mundial  e o enrede decorre durante a outra Grande Guerra, entre 1917 e 1919, nas ilhas do Faial, Terceira, Pico e S\u00e3o Jorge nos A\u00e7ores.<\/p>\n","protected":false},"excerpt":{"rendered":"<p>Mau Tempo no Canal foi publicado em 1944. Vitorino Nem\u00e9sio come\u00e7ou a escrev\u00ea-lo em 1939 durante a II Guerra Mundial e o enrede decorre durante a outra Grande Guerra, entre 1917 e 1919, nas ilhas do Faial, Terceira, Pico e S\u00e3o Jorge nos A\u00e7ores.<\/p>\n","protected":false},"author":2,"featured_media":0,"comment_status":"closed","ping_status":"open","sticky":false,"template":"","format":"standard","meta":{"_monsterinsights_skip_tracking":false,"_monsterinsights_sitenote_active":false,"_monsterinsights_sitenote_note":"","_monsterinsights_sitenote_category":0,"neve_meta_sidebar":"","neve_meta_container":"","neve_meta_enable_content_width":"","neve_meta_content_width":0,"neve_meta_title_alignment":"","neve_meta_author_avatar":"","neve_post_elements_order":"","neve_meta_disable_header":"","neve_meta_disable_footer":"","neve_meta_disable_title":"","footnotes":""},"categories":[144,122],"tags":[14,38],"class_list":["post-6878","post","type-post","status-publish","format-standard","hentry","category-documentario","category-recursos","tag-video","tag-vitorino-nemesio"],"aioseo_notices":[],"_links":{"self":[{"href":"https:\/\/palavras27.oeiras.pt\/index.php?rest_route=\/wp\/v2\/posts\/6878","targetHints":{"allow":["GET"]}}],"collection":[{"href":"https:\/\/palavras27.oeiras.pt\/index.php?rest_route=\/wp\/v2\/posts"}],"about":[{"href":"https:\/\/palavras27.oeiras.pt\/index.php?rest_route=\/wp\/v2\/types\/post"}],"author":[{"embeddable":true,"href":"https:\/\/palavras27.oeiras.pt\/index.php?rest_route=\/wp\/v2\/users\/2"}],"replies":[{"embeddable":true,"href":"https:\/\/palavras27.oeiras.pt\/index.php?rest_route=%2Fwp%2Fv2%2Fcomments&post=6878"}],"version-history":[{"count":2,"href":"https:\/\/palavras27.oeiras.pt\/index.php?rest_route=\/wp\/v2\/posts\/6878\/revisions"}],"predecessor-version":[{"id":7994,"href":"https:\/\/palavras27.oeiras.pt\/index.php?rest_route=\/wp\/v2\/posts\/6878\/revisions\/7994"}],"wp:attachment":[{"href":"https:\/\/palavras27.oeiras.pt\/index.php?rest_route=%2Fwp%2Fv2%2Fmedia&parent=6878"}],"wp:term":[{"taxonomy":"category","embeddable":true,"href":"https:\/\/palavras27.oeiras.pt\/index.php?rest_route=%2Fwp%2Fv2%2Fcategories&post=6878"},{"taxonomy":"post_tag","embeddable":true,"href":"https:\/\/palavras27.oeiras.pt\/index.php?rest_route=%2Fwp%2Fv2%2Ftags&post=6878"}],"curies":[{"name":"wp","href":"https:\/\/api.w.org\/{rel}","templated":true}]}}