{"id":772,"date":"2021-02-08T17:43:55","date_gmt":"2021-02-08T17:43:55","guid":{"rendered":"https:\/\/palavras27.oeiras.pt\/?p=772"},"modified":"2021-03-15T01:47:37","modified_gmt":"2021-03-15T01:47:37","slug":"episodio-1-beatriz-batarda-vera-mantero","status":"publish","type":"post","link":"https:\/\/palavras27.oeiras.pt\/?p=772","title":{"rendered":"Epis\u00f3dio 1 \u2013 Beatriz Batarda + Vera Mantero"},"content":{"rendered":"\n<iframe width=\"960\" height=\"540\" src=\"https:\/\/www.youtube.com\/embed\/bM0PgF2K9i0\" frameborder=\"0\" allow=\"accelerometer; autoplay; clipboard-write; encrypted-media; gyroscope; picture-in-picture\" allowfullscreen=\"\"><\/iframe>\n\n\n\n<p>Beatriz Batarda diz poemas de Nat\u00e1lia Correia e Filipa Leal. Vera Mantero dan\u00e7a sobre material sonoro em torno de Nat\u00e1lia Correia numa cria\u00e7\u00e3o original.<\/p>\n\n\n\n<p><\/p>\n","protected":false},"excerpt":{"rendered":"<p>Beatriz Batarda diz poemas de Nat\u00e1lia Correia e Filipa Leal. Vera Mantero dan\u00e7a sobre material sonoro em torno de Nat\u00e1lia Correia numa cria\u00e7\u00e3o original.<\/p>\n","protected":false},"author":2,"featured_media":0,"comment_status":"open","ping_status":"open","sticky":false,"template":"elementor_theme","format":"standard","meta":{"_monsterinsights_skip_tracking":false,"_monsterinsights_sitenote_active":false,"_monsterinsights_sitenote_note":"","_monsterinsights_sitenote_category":0,"neve_meta_sidebar":"","neve_meta_container":"","neve_meta_enable_content_width":"","neve_meta_content_width":0,"neve_meta_title_alignment":"","neve_meta_author_avatar":"","neve_post_elements_order":"","neve_meta_disable_header":"","neve_meta_disable_footer":"","neve_meta_disable_title":"","footnotes":""},"categories":[12,125],"tags":[13,7,14],"class_list":["post-772","post","type-post","status-publish","format-standard","hentry","category-atividades","category-palavras","tag-culto","tag-natalia-correia","tag-video"],"aioseo_notices":[],"_links":{"self":[{"href":"https:\/\/palavras27.oeiras.pt\/index.php?rest_route=\/wp\/v2\/posts\/772","targetHints":{"allow":["GET"]}}],"collection":[{"href":"https:\/\/palavras27.oeiras.pt\/index.php?rest_route=\/wp\/v2\/posts"}],"about":[{"href":"https:\/\/palavras27.oeiras.pt\/index.php?rest_route=\/wp\/v2\/types\/post"}],"author":[{"embeddable":true,"href":"https:\/\/palavras27.oeiras.pt\/index.php?rest_route=\/wp\/v2\/users\/2"}],"replies":[{"embeddable":true,"href":"https:\/\/palavras27.oeiras.pt\/index.php?rest_route=%2Fwp%2Fv2%2Fcomments&post=772"}],"version-history":[{"count":10,"href":"https:\/\/palavras27.oeiras.pt\/index.php?rest_route=\/wp\/v2\/posts\/772\/revisions"}],"predecessor-version":[{"id":6154,"href":"https:\/\/palavras27.oeiras.pt\/index.php?rest_route=\/wp\/v2\/posts\/772\/revisions\/6154"}],"wp:attachment":[{"href":"https:\/\/palavras27.oeiras.pt\/index.php?rest_route=%2Fwp%2Fv2%2Fmedia&parent=772"}],"wp:term":[{"taxonomy":"category","embeddable":true,"href":"https:\/\/palavras27.oeiras.pt\/index.php?rest_route=%2Fwp%2Fv2%2Fcategories&post=772"},{"taxonomy":"post_tag","embeddable":true,"href":"https:\/\/palavras27.oeiras.pt\/index.php?rest_route=%2Fwp%2Fv2%2Ftags&post=772"}],"curies":[{"name":"wp","href":"https:\/\/api.w.org\/{rel}","templated":true}]}}