{"id":9070,"date":"2021-03-14T16:48:28","date_gmt":"2021-03-14T16:48:28","guid":{"rendered":"https:\/\/palavras27.oeiras.pt\/?p=9070"},"modified":"2022-04-22T17:21:17","modified_gmt":"2022-04-22T16:21:17","slug":"sophia-foi-helenica-por-isabel-nery","status":"publish","type":"post","link":"https:\/\/palavras27.oeiras.pt\/?p=9070","title":{"rendered":"Sophia foi hel\u00e9nica? por Isabel Nery"},"content":{"rendered":"\n<iframe width=\"960\" height=\"540\" src=\"https:\/\/www.youtube-nocookie.com\/embed\/URw3IcdOu-c\" frameborder=\"0\" allow=\"accelerometer; autoplay; clipboard-write; encrypted-media; gyroscope; picture-in-picture\" allowfullscreen=\"\"><\/iframe>\n\n\n\n<p>Ciclo de Masterclasses \u00abO Enigma Sophia\u00bb.<\/p>\n\n\n\n<p>Com Isabel Nery.<\/p>\n\n\n\n<p>A modera\u00e7\u00e3o esteve entregue a Ana Paula Jardim.<br>A sess\u00e3o realizou-se no dia 12 de junho de 2019 no Audit\u00f3rio do Templo da Poesia.<\/p>\n","protected":false},"excerpt":{"rendered":"<p>Ciclo de Masterclasses \u00abO Enigma Sophia\u00bb. Com Isabel Nery. A modera\u00e7\u00e3o esteve entregue a Ana Paula Jardim.A sess\u00e3o realizou-se no dia 12 de junho de 2019 no Audit\u00f3rio do Templo da Poesia.<\/p>\n","protected":false},"author":2,"featured_media":0,"comment_status":"closed","ping_status":"open","sticky":false,"template":"","format":"standard","meta":{"_monsterinsights_skip_tracking":false,"_monsterinsights_sitenote_active":false,"_monsterinsights_sitenote_note":"","_monsterinsights_sitenote_category":0,"neve_meta_sidebar":"","neve_meta_container":"","neve_meta_enable_content_width":"","neve_meta_content_width":0,"neve_meta_title_alignment":"","neve_meta_author_avatar":"","neve_post_elements_order":"","neve_meta_disable_header":"","neve_meta_disable_footer":"","neve_meta_disable_title":"","footnotes":""},"categories":[126,125],"tags":[151,35],"class_list":["post-9070","post","type-post","status-publish","format-standard","hentry","category-masterclasses","category-palavras","tag-o-enigma-sophia","tag-sophia-de-mello-breyner-andresen"],"aioseo_notices":[],"_links":{"self":[{"href":"https:\/\/palavras27.oeiras.pt\/index.php?rest_route=\/wp\/v2\/posts\/9070","targetHints":{"allow":["GET"]}}],"collection":[{"href":"https:\/\/palavras27.oeiras.pt\/index.php?rest_route=\/wp\/v2\/posts"}],"about":[{"href":"https:\/\/palavras27.oeiras.pt\/index.php?rest_route=\/wp\/v2\/types\/post"}],"author":[{"embeddable":true,"href":"https:\/\/palavras27.oeiras.pt\/index.php?rest_route=\/wp\/v2\/users\/2"}],"replies":[{"embeddable":true,"href":"https:\/\/palavras27.oeiras.pt\/index.php?rest_route=%2Fwp%2Fv2%2Fcomments&post=9070"}],"version-history":[{"count":3,"href":"https:\/\/palavras27.oeiras.pt\/index.php?rest_route=\/wp\/v2\/posts\/9070\/revisions"}],"predecessor-version":[{"id":17087,"href":"https:\/\/palavras27.oeiras.pt\/index.php?rest_route=\/wp\/v2\/posts\/9070\/revisions\/17087"}],"wp:attachment":[{"href":"https:\/\/palavras27.oeiras.pt\/index.php?rest_route=%2Fwp%2Fv2%2Fmedia&parent=9070"}],"wp:term":[{"taxonomy":"category","embeddable":true,"href":"https:\/\/palavras27.oeiras.pt\/index.php?rest_route=%2Fwp%2Fv2%2Fcategories&post=9070"},{"taxonomy":"post_tag","embeddable":true,"href":"https:\/\/palavras27.oeiras.pt\/index.php?rest_route=%2Fwp%2Fv2%2Ftags&post=9070"}],"curies":[{"name":"wp","href":"https:\/\/api.w.org\/{rel}","templated":true}]}}